{"id":178,"date":"2011-03-10T16:05:40","date_gmt":"2011-03-10T18:05:40","guid":{"rendered":"http:\/\/www.encontrabomretiro.com.br\/noticias\/?p=178"},"modified":"2019-04-29T18:05:07","modified_gmt":"2019-04-29T20:05:07","slug":"cerca-de-40-pessoas-sao-retiradas-de-galpao-no-bom-retiro","status":"publish","type":"post","link":"https:\/\/www.encontrabomretiro.com.br\/sobre\/cerca-de-40-pessoas-sao-retiradas-de-galpao-no-bom-retiro\/","title":{"rendered":"Cerca de 40 pessoas s\u00e3o retiradas de galp\u00e3o no Bom Retiro"},"content":{"rendered":"<div class=\"228b65ae207de3c5c501cfe75875708b\" data-index=\"1\" style=\"float: none; margin:0px;\">\n<!-- Anuncio display - global -->\r\n<ins class=\"adsbygoogle\"\r\n     style=\"display:block\"\r\n     data-ad-client=\"ca-pub-8585364105181520\"\r\n     data-ad-slot=\"8789329856\"\r\n     data-ad-format=\"auto\"\r\n     data-full-width-responsive=\"true\"><\/ins>\r\n<script>\r\n     (adsbygoogle = window.adsbygoogle || []).push({});\r\n<\/script>\n<\/div>\n<p>Cerca de 40 pessoas foram retiradas na manh\u00e3 desta quinta-feira (10)  de um galp\u00e3o na avenida Santos Dumont, no Bom Retiro, regi\u00e3o central de  S\u00e3o Paulo. A Pol\u00edcia Militar acompanhou a a\u00e7\u00e3o, que teve in\u00edcio \u00e0s 6h30.  De acordo com a corpora\u00e7\u00e3o, a retirada das fam\u00edlias do im\u00f3vel  particular foi feita depois de uma ordem judicial de reintegra\u00e7\u00e3o de  posso.<\/p>\n<p>Por causa da remo\u00e7\u00e3o das pessoas, uma faixa da avenida Santos Dumont,  no sentido do aeroporto de Congonhas, na zona sul da capital, teve de  ficar interditada por 20 minutos. A via j\u00e1 foi liberada e o tr\u00e2nsito  flu\u00eda bem, por volta de 8h, segundo informou a CET (Companhia de  Engenharia de Tr\u00e1fego).<\/p>\n\n<div style=\"font-size: 0px; height: 0px; line-height: 0px; margin: 0; padding: 0; clear: both;\"><\/div>","protected":false},"excerpt":{"rendered":"<p>Cerca de 40 pessoas foram retiradas na manh\u00e3 desta quinta-feira (10) de um galp\u00e3o na avenida Santos Dumont, no Bom Retiro, regi\u00e3o central de S\u00e3o Paulo. A Pol\u00edcia Militar acompanhou a a\u00e7\u00e3o, que teve in\u00edcio \u00e0s 6h30. De acordo com a corpora\u00e7\u00e3o, a retirada das fam\u00edlias do im\u00f3vel particular foi feita depois de uma ordem judicial de reintegra\u00e7\u00e3o de posso. Por causa da remo\u00e7\u00e3o das pessoas, uma faixa da avenida Santos Dumont, no sentido do aeroporto de Congonhas, na zona sul da capital, teve de ficar interditada por 20 minutos. A via j\u00e1 foi liberada e o tr\u00e2nsito flu\u00eda bem, <\/p>\n","protected":false},"author":1,"featured_media":0,"comment_status":"open","ping_status":"closed","sticky":false,"template":"","format":"standard","meta":{"footnotes":""},"categories":[6],"tags":[],"class_list":["post-178","post","type-post","status-publish","format-standard","hentry","category-noticias-no-bom-retiro"],"aioseo_notices":[],"_links":{"self":[{"href":"https:\/\/www.encontrabomretiro.com.br\/sobre\/wp-json\/wp\/v2\/posts\/178","targetHints":{"allow":["GET"]}}],"collection":[{"href":"https:\/\/www.encontrabomretiro.com.br\/sobre\/wp-json\/wp\/v2\/posts"}],"about":[{"href":"https:\/\/www.encontrabomretiro.com.br\/sobre\/wp-json\/wp\/v2\/types\/post"}],"author":[{"embeddable":true,"href":"https:\/\/www.encontrabomretiro.com.br\/sobre\/wp-json\/wp\/v2\/users\/1"}],"replies":[{"embeddable":true,"href":"https:\/\/www.encontrabomretiro.com.br\/sobre\/wp-json\/wp\/v2\/comments?post=178"}],"version-history":[{"count":0,"href":"https:\/\/www.encontrabomretiro.com.br\/sobre\/wp-json\/wp\/v2\/posts\/178\/revisions"}],"wp:attachment":[{"href":"https:\/\/www.encontrabomretiro.com.br\/sobre\/wp-json\/wp\/v2\/media?parent=178"}],"wp:term":[{"taxonomy":"category","embeddable":true,"href":"https:\/\/www.encontrabomretiro.com.br\/sobre\/wp-json\/wp\/v2\/categories?post=178"},{"taxonomy":"post_tag","embeddable":true,"href":"https:\/\/www.encontrabomretiro.com.br\/sobre\/wp-json\/wp\/v2\/tags?post=178"}],"curies":[{"name":"wp","href":"https:\/\/api.w.org\/{rel}","templated":true}]}}