{"id":110,"date":"2011-01-17T13:51:38","date_gmt":"2011-01-17T15:51:38","guid":{"rendered":"http:\/\/www.encontrabomretiro.com.br\/noticias\/?p=110"},"modified":"2019-04-29T18:05:11","modified_gmt":"2019-04-29T20:05:11","slug":"no-bom-retiro-paulistas-fazem-doacoes-para-vitimas-do-rio-de-janeiro","status":"publish","type":"post","link":"https:\/\/www.encontrabomretiro.com.br\/sobre\/no-bom-retiro-paulistas-fazem-doacoes-para-vitimas-do-rio-de-janeiro\/","title":{"rendered":"No Bom Retiro, paulistas fazem doa\u00e7\u00f5es para v\u00edtimas do Rio de Janeiro"},"content":{"rendered":"<div class=\"228b65ae207de3c5c501cfe75875708b\" data-index=\"1\" style=\"float: none; margin:0px;\">\n<!-- Anuncio display - global -->\r\n<ins class=\"adsbygoogle\"\r\n     style=\"display:block\"\r\n     data-ad-client=\"ca-pub-8585364105181520\"\r\n     data-ad-slot=\"8789329856\"\r\n     data-ad-format=\"auto\"\r\n     data-full-width-responsive=\"true\"><\/ins>\r\n<script>\r\n     (adsbygoogle = window.adsbygoogle || []).push({});\r\n<\/script>\n<\/div>\n<p>A Unidade da Cruz Vermelha na avenida Moreira Guimar\u00e3es, em S\u00e3o Paulo,  recebeu donativos para as v\u00edtimas das chuvas na regi\u00e3o serrana do Rio de  Janeiro, durante a manh\u00e3 deste domingo (16).<\/p>\n<p>O trabalho de arrecada\u00e7\u00e3o de alimentos, agu\u00e1 e colch\u00f5es, entre outros  produtos, foi interrompido, por volta das 13h30, por falta de espa\u00e7o na  sede da Cruz Vermelha. Isso fez com que muitas pessoas tivessem que  procurar por outros locais de coleta.<\/p>\n<p>Os interessados em ajudar os atingidos pelas chuvas no Rio de Janeiro  tamb\u00e9m puderam deixar suas doa\u00e7\u00f5es na LBV (Legi\u00e3o da Boa Vontade), no  bairro Bom Retiro. Neste s\u00e1bado (15),  a primeira carreta carregada com  22 toneladas de donativos deixou a capital em dire\u00e7\u00e3o ao Rio.<\/p>\n<p><strong>Mortes<\/strong><br \/>\nO n\u00famero de mortos em decorr\u00eancia das chuvas que devastaram a regi\u00e3o  serrana do Estado do Rio de Janeiro j\u00e1 chega a 635, de acordo com  informa\u00e7\u00f5es da Secretaria Estadual de Sa\u00fade e Defesa Civil.<\/p>\n<p>Nova Friburgo foi a cidade mais castigada, com 287 mortos.  Em seguida  vem Teres\u00f3polis (269), Petr\u00f3polis (56), Sumidouro (19) e S\u00e3o Jos\u00e9 do  Vale do Rio Preto (quatro).<\/p>\n<p>J\u00e1 a quantidade de desalojados e desabrigados ultrapassa 14 mil. S\u00f3 em  Petr\u00f3polis s\u00e3o 6.400 pessoas foram obrigadas a sair de suas casas.<\/p>\n<p><em>Fonte: R7<\/em><\/p>\n\n<div style=\"font-size: 0px; height: 0px; line-height: 0px; margin: 0; padding: 0; clear: both;\"><\/div>","protected":false},"excerpt":{"rendered":"<p>A Unidade da Cruz Vermelha na avenida Moreira Guimar\u00e3es, em S\u00e3o Paulo, recebeu donativos para as v\u00edtimas das chuvas na regi\u00e3o serrana do Rio de Janeiro, durante a manh\u00e3 deste domingo (16). O trabalho de arrecada\u00e7\u00e3o de alimentos, agu\u00e1 e colch\u00f5es, entre outros produtos, foi interrompido, por volta das 13h30, por falta de espa\u00e7o na sede da Cruz Vermelha. Isso fez com que muitas pessoas tivessem que procurar por outros locais de coleta. Os interessados em ajudar os atingidos pelas chuvas no Rio de Janeiro tamb\u00e9m puderam deixar suas doa\u00e7\u00f5es na LBV (Legi\u00e3o da Boa Vontade), no bairro Bom Retiro. <\/p>\n","protected":false},"author":1,"featured_media":0,"comment_status":"open","ping_status":"closed","sticky":false,"template":"","format":"standard","meta":{"footnotes":""},"categories":[6],"tags":[],"class_list":["post-110","post","type-post","status-publish","format-standard","hentry","category-noticias-no-bom-retiro"],"aioseo_notices":[],"_links":{"self":[{"href":"https:\/\/www.encontrabomretiro.com.br\/sobre\/wp-json\/wp\/v2\/posts\/110","targetHints":{"allow":["GET"]}}],"collection":[{"href":"https:\/\/www.encontrabomretiro.com.br\/sobre\/wp-json\/wp\/v2\/posts"}],"about":[{"href":"https:\/\/www.encontrabomretiro.com.br\/sobre\/wp-json\/wp\/v2\/types\/post"}],"author":[{"embeddable":true,"href":"https:\/\/www.encontrabomretiro.com.br\/sobre\/wp-json\/wp\/v2\/users\/1"}],"replies":[{"embeddable":true,"href":"https:\/\/www.encontrabomretiro.com.br\/sobre\/wp-json\/wp\/v2\/comments?post=110"}],"version-history":[{"count":0,"href":"https:\/\/www.encontrabomretiro.com.br\/sobre\/wp-json\/wp\/v2\/posts\/110\/revisions"}],"wp:attachment":[{"href":"https:\/\/www.encontrabomretiro.com.br\/sobre\/wp-json\/wp\/v2\/media?parent=110"}],"wp:term":[{"taxonomy":"category","embeddable":true,"href":"https:\/\/www.encontrabomretiro.com.br\/sobre\/wp-json\/wp\/v2\/categories?post=110"},{"taxonomy":"post_tag","embeddable":true,"href":"https:\/\/www.encontrabomretiro.com.br\/sobre\/wp-json\/wp\/v2\/tags?post=110"}],"curies":[{"name":"wp","href":"https:\/\/api.w.org\/{rel}","templated":true}]}}